{"id":2495,"date":"2023-07-26T11:20:30","date_gmt":"2023-07-26T09:20:30","guid":{"rendered":"https:\/\/noclegioswiecim.eu\/bez-kategorii\/centrum-svateho-jana-svaty-maxmilian-v-harmeze\/"},"modified":"2024-09-04T10:39:46","modified_gmt":"2024-09-04T08:39:46","slug":"centrum-svateho-jana-svaty-maxmilian-v-harmeze","status":"publish","type":"post","link":"https:\/\/noclegioswiecim.eu\/cs\/zajimavosti\/centrum-svateho-jana-svaty-maxmilian-v-harmeze\/","title":{"rendered":"Centrum svat\u00e9ho Jana. Svat\u00fd Maxmili\u00e1n v Harm\u0119\u017ce"},"content":{"rendered":"<p><strong>Vzd\u00e1lenost od kempu <\/strong>: 8 km<\/p>\n<section class=\"elementor-section elementor-top-section elementor-element elementor-element-2866487b elementor-section-boxed elementor-section-height-default elementor-section-height-default\" data-id=\"2866487b\" data-element_type=\"section\">\n<div class=\"elementor-container elementor-column-gap-default\">\n<div class=\"elementor-column elementor-col-100 elementor-top-column elementor-element elementor-element-4d7f16bf\" data-id=\"4d7f16bf\" data-element_type=\"column\">\n<div class=\"elementor-widget-wrap elementor-element-populated\">\n<div class=\"elementor-element elementor-element-707a38c6 elementor-widget elementor-widget-image-text-banner\" data-id=\"707a38c6\" data-element_type=\"widget\" data-widget_type=\"image-text-banner.default\">\n<div class=\"elementor-widget-container\">\n<div class=\"fr-elementor-image-text-banner\">\n<div class=\"main-wrapper\">\n<div class=\"banner-image\">\n<p class=\"additional-desc\">Centrum bylo zalo\u017eeno jako votivn\u00ed ob\u011b\u0165 vd\u011b\u010dnosti za \u017eivot, d\u00edlo a mu\u010dednickou smrt svat\u00e9ho Jana z Boha. Maximilian. Jej\u00edm c\u00edlem je \u0161\u00ed\u0159it jeho \u010dest, znalost jeho charismatu a propagovat my\u0161lenku &#8222;v\u00edt\u011bzn\u00e9 L\u00e1sky&#8220;, skrze kterou B\u016fh zv\u00edt\u011bzil ve svat\u00e9m Janu z Boha. Maxmili\u00e1na, aby mohl b\u00fdt sv\u011bdkem t\u00e9to l\u00e1sky na apelplacu a v bunkru smrti v Osv\u011btimi.<\/p>\n<\/div>\n<\/div>\n<\/div>\n<\/div>\n<\/div>\n<\/div>\n<\/div>\n<\/div>\n<\/section>\n<section class=\"elementor-section elementor-top-section elementor-element elementor-element-19a9d4c6 elementor-section-boxed elementor-section-height-default elementor-section-height-default\" data-id=\"19a9d4c6\" data-element_type=\"section\">\n<div class=\"elementor-container elementor-column-gap-default\">\n<div class=\"elementor-column elementor-col-100 elementor-top-column elementor-element elementor-element-5a23cae2\" data-id=\"5a23cae2\" data-element_type=\"column\">\n<div class=\"elementor-widget-wrap elementor-element-populated\">\n<div class=\"elementor-element elementor-element-13178202 elementor-widget elementor-widget-text-editor\" data-id=\"13178202\" data-element_type=\"widget\" data-widget_type=\"text-editor.default\">\n<div class=\"elementor-widget-container\">\n<p>Je to m\u00edsto, kter\u00e9 slou\u017e\u00ed k modlitb\u011b, ale tak\u00e9 k pos\u00edlen\u00ed m\u00edru, l\u00e1sky a sm\u00ed\u0159en\u00ed mezi lidmi r\u016fzn\u00fdch n\u00e1rod\u016f a n\u00e1bo\u017eenstv\u00ed v duchu svat\u00e9ho Franti\u0161ka. Svat\u00fd Franti\u0161ek z Assisi a svat\u00fd Jan od Boha. Svat\u00fd Maxmili\u00e1n Kolbe. M\u016f\u017eete zde za\u017e\u00edt duchovn\u00ed p\u00e9\u010di, pro\u017e\u00edt dny rozj\u00edm\u00e1n\u00ed, rekolekce nebo se z\u00fa\u010dastnit v\u011bdeck\u00e9ho sympozia. Je tak\u00e9 m\u00edstem vzpom\u00ednek a modliteb za ty, kte\u0159\u00ed v koncentra\u010dn\u00edm t\u00e1bo\u0159e zahynuli.<\/p>\n<p>V\u00edce informac\u00ed: <a href=\"http:\/\/www.harmeze.franciszkanie.pl\/centrum\">www.harmeze.franciszkanie.pl\/centrum<\/a><\/p>\n<\/div>\n<\/div>\n<\/div>\n<\/div>\n<\/div>\n<\/section>\n","protected":false},"excerpt":{"rendered":"<p>Vzd\u00e1lenost: 8 km<\/p>\n","protected":false},"author":2,"featured_media":2503,"comment_status":"closed","ping_status":"closed","sticky":false,"template":"","format":"standard","meta":{"footnotes":""},"categories":[64],"tags":[],"class_list":["post-2495","post","type-post","status-publish","format-standard","has-post-thumbnail","hentry","category-zajimavosti"],"yoast_head":"<!-- This site is optimized with the Yoast SEO plugin v27.5 - https:\/\/yoast.com\/product\/yoast-seo-wordpress\/ -->\n<title>Centrum svat\u00e9ho Jana. Svat\u00fd Maxmili\u00e1n v Harm\u0119\u017ce - Comfort Apartments<\/title>\n<meta name=\"description\" content=\"Centrum bylo zalo\u017eeno jako votivn\u00ed ob\u011b\u0165 vd\u011b\u010dnosti za \u017eivot, d\u00edlo a mu\u010dednickou smrt svat\u00e9ho Jana z Boha. Maximilian. M\u00e1 slou\u017eit k \u0161\u00ed\u0159en\u00ed Jeho cti.\" \/>\n<meta name=\"robots\" content=\"index, follow, max-snippet:-1, max-image-preview:large, max-video-preview:-1\" \/>\n<link rel=\"canonical\" href=\"https:\/\/noclegioswiecim.eu\/cs\/zajimavosti\/centrum-svateho-jana-svaty-maxmilian-v-harmeze\/\" \/>\n<meta property=\"og:locale\" content=\"cs_CZ\" \/>\n<meta property=\"og:type\" content=\"article\" \/>\n<meta property=\"og:title\" content=\"Centrum svat\u00e9ho Jana. Svat\u00fd Maxmili\u00e1n v Harm\u0119\u017ce - Comfort Apartments\" \/>\n<meta property=\"og:description\" content=\"Centrum bylo zalo\u017eeno jako votivn\u00ed ob\u011b\u0165 vd\u011b\u010dnosti za \u017eivot, d\u00edlo a mu\u010dednickou smrt svat\u00e9ho Jana z Boha. Maximilian. M\u00e1 slou\u017eit k \u0161\u00ed\u0159en\u00ed Jeho cti.\" \/>\n<meta property=\"og:url\" content=\"https:\/\/noclegioswiecim.eu\/cs\/zajimavosti\/centrum-svateho-jana-svaty-maxmilian-v-harmeze\/\" \/>\n<meta property=\"og:site_name\" content=\"Comfort Apartments\" \/>\n<meta property=\"article:publisher\" content=\"https:\/\/www.facebook.com\/oswiecimapartments\/\" \/>\n<meta property=\"article:published_time\" content=\"2023-07-26T09:20:30+00:00\" \/>\n<meta property=\"article:modified_time\" content=\"2024-09-04T08:39:46+00:00\" \/>\n<meta property=\"og:image\" content=\"https:\/\/noclegioswiecim.eu\/wp-content\/uploads\/2023\/07\/FR.PL-PROWINCJA-zdjecia-tytulowe-centrum_2.jpg\" \/>\n\t<meta property=\"og:image:width\" content=\"1696\" \/>\n\t<meta property=\"og:image:height\" content=\"816\" \/>\n\t<meta property=\"og:image:type\" content=\"image\/jpeg\" \/>\n<meta name=\"author\" content=\"Patrycja\" \/>\n<meta name=\"twitter:card\" content=\"summary_large_image\" \/>\n<meta name=\"twitter:label1\" content=\"Napsal(a)\" \/>\n\t<meta name=\"twitter:data1\" content=\"Patrycja\" \/>\n\t<meta name=\"twitter:label2\" content=\"Odhadovan\u00e1 doba \u010dten\u00ed\" \/>\n\t<meta name=\"twitter:data2\" content=\"1 minuta\" \/>\n<script type=\"application\/ld+json\" class=\"yoast-schema-graph\">{\"@context\":\"https:\\\/\\\/schema.org\",\"@graph\":[{\"@type\":\"Article\",\"@id\":\"https:\\\/\\\/noclegioswiecim.eu\\\/cs\\\/zajimavosti\\\/centrum-svateho-jana-svaty-maxmilian-v-harmeze\\\/#article\",\"isPartOf\":{\"@id\":\"https:\\\/\\\/noclegioswiecim.eu\\\/cs\\\/zajimavosti\\\/centrum-svateho-jana-svaty-maxmilian-v-harmeze\\\/\"},\"author\":{\"name\":\"Patrycja\",\"@id\":\"https:\\\/\\\/noclegioswiecim.eu\\\/#\\\/schema\\\/person\\\/feafb30ea03805a331616c6bfd80e947\"},\"headline\":\"Centrum svat\u00e9ho Jana. Svat\u00fd Maxmili\u00e1n v Harm\u0119\u017ce\",\"datePublished\":\"2023-07-26T09:20:30+00:00\",\"dateModified\":\"2024-09-04T08:39:46+00:00\",\"mainEntityOfPage\":{\"@id\":\"https:\\\/\\\/noclegioswiecim.eu\\\/cs\\\/zajimavosti\\\/centrum-svateho-jana-svaty-maxmilian-v-harmeze\\\/\"},\"wordCount\":193,\"publisher\":{\"@id\":\"https:\\\/\\\/noclegioswiecim.eu\\\/#organization\"},\"image\":{\"@id\":\"https:\\\/\\\/noclegioswiecim.eu\\\/cs\\\/zajimavosti\\\/centrum-svateho-jana-svaty-maxmilian-v-harmeze\\\/#primaryimage\"},\"thumbnailUrl\":\"https:\\\/\\\/noclegioswiecim.eu\\\/wp-content\\\/uploads\\\/2023\\\/07\\\/FR.PL-PROWINCJA-zdjecia-tytulowe-centrum_2.jpg\",\"articleSection\":[\"Zaj\u00edmavosti\"],\"inLanguage\":\"cs\"},{\"@type\":\"WebPage\",\"@id\":\"https:\\\/\\\/noclegioswiecim.eu\\\/cs\\\/zajimavosti\\\/centrum-svateho-jana-svaty-maxmilian-v-harmeze\\\/\",\"url\":\"https:\\\/\\\/noclegioswiecim.eu\\\/cs\\\/zajimavosti\\\/centrum-svateho-jana-svaty-maxmilian-v-harmeze\\\/\",\"name\":\"Centrum svat\u00e9ho Jana. Svat\u00fd Maxmili\u00e1n v Harm\u0119\u017ce - Comfort Apartments\",\"isPartOf\":{\"@id\":\"https:\\\/\\\/noclegioswiecim.eu\\\/#website\"},\"primaryImageOfPage\":{\"@id\":\"https:\\\/\\\/noclegioswiecim.eu\\\/cs\\\/zajimavosti\\\/centrum-svateho-jana-svaty-maxmilian-v-harmeze\\\/#primaryimage\"},\"image\":{\"@id\":\"https:\\\/\\\/noclegioswiecim.eu\\\/cs\\\/zajimavosti\\\/centrum-svateho-jana-svaty-maxmilian-v-harmeze\\\/#primaryimage\"},\"thumbnailUrl\":\"https:\\\/\\\/noclegioswiecim.eu\\\/wp-content\\\/uploads\\\/2023\\\/07\\\/FR.PL-PROWINCJA-zdjecia-tytulowe-centrum_2.jpg\",\"datePublished\":\"2023-07-26T09:20:30+00:00\",\"dateModified\":\"2024-09-04T08:39:46+00:00\",\"description\":\"Centrum bylo zalo\u017eeno jako votivn\u00ed ob\u011b\u0165 vd\u011b\u010dnosti za \u017eivot, d\u00edlo a mu\u010dednickou smrt svat\u00e9ho Jana z Boha. Maximilian. M\u00e1 slou\u017eit k \u0161\u00ed\u0159en\u00ed Jeho cti.\",\"breadcrumb\":{\"@id\":\"https:\\\/\\\/noclegioswiecim.eu\\\/cs\\\/zajimavosti\\\/centrum-svateho-jana-svaty-maxmilian-v-harmeze\\\/#breadcrumb\"},\"inLanguage\":\"cs\",\"potentialAction\":[{\"@type\":\"ReadAction\",\"target\":[\"https:\\\/\\\/noclegioswiecim.eu\\\/cs\\\/zajimavosti\\\/centrum-svateho-jana-svaty-maxmilian-v-harmeze\\\/\"]}]},{\"@type\":\"ImageObject\",\"inLanguage\":\"cs\",\"@id\":\"https:\\\/\\\/noclegioswiecim.eu\\\/cs\\\/zajimavosti\\\/centrum-svateho-jana-svaty-maxmilian-v-harmeze\\\/#primaryimage\",\"url\":\"https:\\\/\\\/noclegioswiecim.eu\\\/wp-content\\\/uploads\\\/2023\\\/07\\\/FR.PL-PROWINCJA-zdjecia-tytulowe-centrum_2.jpg\",\"contentUrl\":\"https:\\\/\\\/noclegioswiecim.eu\\\/wp-content\\\/uploads\\\/2023\\\/07\\\/FR.PL-PROWINCJA-zdjecia-tytulowe-centrum_2.jpg\",\"width\":1696,\"height\":816},{\"@type\":\"BreadcrumbList\",\"@id\":\"https:\\\/\\\/noclegioswiecim.eu\\\/cs\\\/zajimavosti\\\/centrum-svateho-jana-svaty-maxmilian-v-harmeze\\\/#breadcrumb\",\"itemListElement\":[{\"@type\":\"ListItem\",\"position\":1,\"name\":\"Strona g\u0142\u00f3wna\",\"item\":\"https:\\\/\\\/noclegioswiecim.eu\\\/cs\\\/\"},{\"@type\":\"ListItem\",\"position\":2,\"name\":\"Centrum svat\u00e9ho Jana. Svat\u00fd Maxmili\u00e1n v Harm\u0119\u017ce\"}]},{\"@type\":\"WebSite\",\"@id\":\"https:\\\/\\\/noclegioswiecim.eu\\\/#website\",\"url\":\"https:\\\/\\\/noclegioswiecim.eu\\\/\",\"name\":\"Comfort Apartments\",\"description\":\"Noclegi O\u015bwi\u0119cim \\\/ Booking O\u015bwi\u0119cim\",\"publisher\":{\"@id\":\"https:\\\/\\\/noclegioswiecim.eu\\\/#organization\"},\"potentialAction\":[{\"@type\":\"SearchAction\",\"target\":{\"@type\":\"EntryPoint\",\"urlTemplate\":\"https:\\\/\\\/noclegioswiecim.eu\\\/?s={search_term_string}\"},\"query-input\":{\"@type\":\"PropertyValueSpecification\",\"valueRequired\":true,\"valueName\":\"search_term_string\"}}],\"inLanguage\":\"cs\"},{\"@type\":\"Organization\",\"@id\":\"https:\\\/\\\/noclegioswiecim.eu\\\/#organization\",\"name\":\"Comfort Apartments\",\"url\":\"https:\\\/\\\/noclegioswiecim.eu\\\/\",\"logo\":{\"@type\":\"ImageObject\",\"inLanguage\":\"cs\",\"@id\":\"https:\\\/\\\/noclegioswiecim.eu\\\/#\\\/schema\\\/logo\\\/image\\\/\",\"url\":\"https:\\\/\\\/noclegioswiecim.eu\\\/wp-content\\\/uploads\\\/2023\\\/02\\\/favicona.png\",\"contentUrl\":\"https:\\\/\\\/noclegioswiecim.eu\\\/wp-content\\\/uploads\\\/2023\\\/02\\\/favicona.png\",\"width\":200,\"height\":200,\"caption\":\"Comfort Apartments\"},\"image\":{\"@id\":\"https:\\\/\\\/noclegioswiecim.eu\\\/#\\\/schema\\\/logo\\\/image\\\/\"},\"sameAs\":[\"https:\\\/\\\/www.facebook.com\\\/oswiecimapartments\\\/\",\"https:\\\/\\\/goo.gl\\\/maps\\\/H9x6rxoZWfK3ad1j6\",\"https:\\\/\\\/www.instagram.com\\\/oswiecimapartments\\\/\"]},{\"@type\":\"Person\",\"@id\":\"https:\\\/\\\/noclegioswiecim.eu\\\/#\\\/schema\\\/person\\\/feafb30ea03805a331616c6bfd80e947\",\"name\":\"Patrycja\",\"image\":{\"@type\":\"ImageObject\",\"inLanguage\":\"cs\",\"@id\":\"https:\\\/\\\/secure.gravatar.com\\\/avatar\\\/7c37283748b62bb21affee70f751e75b04d527b2d023e14cdffee17064819ea3?s=96&d=mm&r=g\",\"url\":\"https:\\\/\\\/secure.gravatar.com\\\/avatar\\\/7c37283748b62bb21affee70f751e75b04d527b2d023e14cdffee17064819ea3?s=96&d=mm&r=g\",\"contentUrl\":\"https:\\\/\\\/secure.gravatar.com\\\/avatar\\\/7c37283748b62bb21affee70f751e75b04d527b2d023e14cdffee17064819ea3?s=96&d=mm&r=g\",\"caption\":\"Patrycja\"}}]}<\/script>\n<!-- \/ Yoast SEO plugin. -->","yoast_head_json":{"title":"Centrum svat\u00e9ho Jana. Svat\u00fd Maxmili\u00e1n v Harm\u0119\u017ce - Comfort Apartments","description":"Centrum bylo zalo\u017eeno jako votivn\u00ed ob\u011b\u0165 vd\u011b\u010dnosti za \u017eivot, d\u00edlo a mu\u010dednickou smrt svat\u00e9ho Jana z Boha. Maximilian. M\u00e1 slou\u017eit k \u0161\u00ed\u0159en\u00ed Jeho cti.","robots":{"index":"index","follow":"follow","max-snippet":"max-snippet:-1","max-image-preview":"max-image-preview:large","max-video-preview":"max-video-preview:-1"},"canonical":"https:\/\/noclegioswiecim.eu\/cs\/zajimavosti\/centrum-svateho-jana-svaty-maxmilian-v-harmeze\/","og_locale":"cs_CZ","og_type":"article","og_title":"Centrum svat\u00e9ho Jana. Svat\u00fd Maxmili\u00e1n v Harm\u0119\u017ce - Comfort Apartments","og_description":"Centrum bylo zalo\u017eeno jako votivn\u00ed ob\u011b\u0165 vd\u011b\u010dnosti za \u017eivot, d\u00edlo a mu\u010dednickou smrt svat\u00e9ho Jana z Boha. Maximilian. M\u00e1 slou\u017eit k \u0161\u00ed\u0159en\u00ed Jeho cti.","og_url":"https:\/\/noclegioswiecim.eu\/cs\/zajimavosti\/centrum-svateho-jana-svaty-maxmilian-v-harmeze\/","og_site_name":"Comfort Apartments","article_publisher":"https:\/\/www.facebook.com\/oswiecimapartments\/","article_published_time":"2023-07-26T09:20:30+00:00","article_modified_time":"2024-09-04T08:39:46+00:00","og_image":[{"width":1696,"height":816,"url":"https:\/\/noclegioswiecim.eu\/wp-content\/uploads\/2023\/07\/FR.PL-PROWINCJA-zdjecia-tytulowe-centrum_2.jpg","type":"image\/jpeg"}],"author":"Patrycja","twitter_card":"summary_large_image","twitter_misc":{"Napsal(a)":"Patrycja","Odhadovan\u00e1 doba \u010dten\u00ed":"1 minuta"},"schema":{"@context":"https:\/\/schema.org","@graph":[{"@type":"Article","@id":"https:\/\/noclegioswiecim.eu\/cs\/zajimavosti\/centrum-svateho-jana-svaty-maxmilian-v-harmeze\/#article","isPartOf":{"@id":"https:\/\/noclegioswiecim.eu\/cs\/zajimavosti\/centrum-svateho-jana-svaty-maxmilian-v-harmeze\/"},"author":{"name":"Patrycja","@id":"https:\/\/noclegioswiecim.eu\/#\/schema\/person\/feafb30ea03805a331616c6bfd80e947"},"headline":"Centrum svat\u00e9ho Jana. Svat\u00fd Maxmili\u00e1n v Harm\u0119\u017ce","datePublished":"2023-07-26T09:20:30+00:00","dateModified":"2024-09-04T08:39:46+00:00","mainEntityOfPage":{"@id":"https:\/\/noclegioswiecim.eu\/cs\/zajimavosti\/centrum-svateho-jana-svaty-maxmilian-v-harmeze\/"},"wordCount":193,"publisher":{"@id":"https:\/\/noclegioswiecim.eu\/#organization"},"image":{"@id":"https:\/\/noclegioswiecim.eu\/cs\/zajimavosti\/centrum-svateho-jana-svaty-maxmilian-v-harmeze\/#primaryimage"},"thumbnailUrl":"https:\/\/noclegioswiecim.eu\/wp-content\/uploads\/2023\/07\/FR.PL-PROWINCJA-zdjecia-tytulowe-centrum_2.jpg","articleSection":["Zaj\u00edmavosti"],"inLanguage":"cs"},{"@type":"WebPage","@id":"https:\/\/noclegioswiecim.eu\/cs\/zajimavosti\/centrum-svateho-jana-svaty-maxmilian-v-harmeze\/","url":"https:\/\/noclegioswiecim.eu\/cs\/zajimavosti\/centrum-svateho-jana-svaty-maxmilian-v-harmeze\/","name":"Centrum svat\u00e9ho Jana. Svat\u00fd Maxmili\u00e1n v Harm\u0119\u017ce - Comfort Apartments","isPartOf":{"@id":"https:\/\/noclegioswiecim.eu\/#website"},"primaryImageOfPage":{"@id":"https:\/\/noclegioswiecim.eu\/cs\/zajimavosti\/centrum-svateho-jana-svaty-maxmilian-v-harmeze\/#primaryimage"},"image":{"@id":"https:\/\/noclegioswiecim.eu\/cs\/zajimavosti\/centrum-svateho-jana-svaty-maxmilian-v-harmeze\/#primaryimage"},"thumbnailUrl":"https:\/\/noclegioswiecim.eu\/wp-content\/uploads\/2023\/07\/FR.PL-PROWINCJA-zdjecia-tytulowe-centrum_2.jpg","datePublished":"2023-07-26T09:20:30+00:00","dateModified":"2024-09-04T08:39:46+00:00","description":"Centrum bylo zalo\u017eeno jako votivn\u00ed ob\u011b\u0165 vd\u011b\u010dnosti za \u017eivot, d\u00edlo a mu\u010dednickou smrt svat\u00e9ho Jana z Boha. Maximilian. M\u00e1 slou\u017eit k \u0161\u00ed\u0159en\u00ed Jeho cti.","breadcrumb":{"@id":"https:\/\/noclegioswiecim.eu\/cs\/zajimavosti\/centrum-svateho-jana-svaty-maxmilian-v-harmeze\/#breadcrumb"},"inLanguage":"cs","potentialAction":[{"@type":"ReadAction","target":["https:\/\/noclegioswiecim.eu\/cs\/zajimavosti\/centrum-svateho-jana-svaty-maxmilian-v-harmeze\/"]}]},{"@type":"ImageObject","inLanguage":"cs","@id":"https:\/\/noclegioswiecim.eu\/cs\/zajimavosti\/centrum-svateho-jana-svaty-maxmilian-v-harmeze\/#primaryimage","url":"https:\/\/noclegioswiecim.eu\/wp-content\/uploads\/2023\/07\/FR.PL-PROWINCJA-zdjecia-tytulowe-centrum_2.jpg","contentUrl":"https:\/\/noclegioswiecim.eu\/wp-content\/uploads\/2023\/07\/FR.PL-PROWINCJA-zdjecia-tytulowe-centrum_2.jpg","width":1696,"height":816},{"@type":"BreadcrumbList","@id":"https:\/\/noclegioswiecim.eu\/cs\/zajimavosti\/centrum-svateho-jana-svaty-maxmilian-v-harmeze\/#breadcrumb","itemListElement":[{"@type":"ListItem","position":1,"name":"Strona g\u0142\u00f3wna","item":"https:\/\/noclegioswiecim.eu\/cs\/"},{"@type":"ListItem","position":2,"name":"Centrum svat\u00e9ho Jana. Svat\u00fd Maxmili\u00e1n v Harm\u0119\u017ce"}]},{"@type":"WebSite","@id":"https:\/\/noclegioswiecim.eu\/#website","url":"https:\/\/noclegioswiecim.eu\/","name":"Comfort Apartments","description":"Noclegi O\u015bwi\u0119cim \/ Booking O\u015bwi\u0119cim","publisher":{"@id":"https:\/\/noclegioswiecim.eu\/#organization"},"potentialAction":[{"@type":"SearchAction","target":{"@type":"EntryPoint","urlTemplate":"https:\/\/noclegioswiecim.eu\/?s={search_term_string}"},"query-input":{"@type":"PropertyValueSpecification","valueRequired":true,"valueName":"search_term_string"}}],"inLanguage":"cs"},{"@type":"Organization","@id":"https:\/\/noclegioswiecim.eu\/#organization","name":"Comfort Apartments","url":"https:\/\/noclegioswiecim.eu\/","logo":{"@type":"ImageObject","inLanguage":"cs","@id":"https:\/\/noclegioswiecim.eu\/#\/schema\/logo\/image\/","url":"https:\/\/noclegioswiecim.eu\/wp-content\/uploads\/2023\/02\/favicona.png","contentUrl":"https:\/\/noclegioswiecim.eu\/wp-content\/uploads\/2023\/02\/favicona.png","width":200,"height":200,"caption":"Comfort Apartments"},"image":{"@id":"https:\/\/noclegioswiecim.eu\/#\/schema\/logo\/image\/"},"sameAs":["https:\/\/www.facebook.com\/oswiecimapartments\/","https:\/\/goo.gl\/maps\/H9x6rxoZWfK3ad1j6","https:\/\/www.instagram.com\/oswiecimapartments\/"]},{"@type":"Person","@id":"https:\/\/noclegioswiecim.eu\/#\/schema\/person\/feafb30ea03805a331616c6bfd80e947","name":"Patrycja","image":{"@type":"ImageObject","inLanguage":"cs","@id":"https:\/\/secure.gravatar.com\/avatar\/7c37283748b62bb21affee70f751e75b04d527b2d023e14cdffee17064819ea3?s=96&d=mm&r=g","url":"https:\/\/secure.gravatar.com\/avatar\/7c37283748b62bb21affee70f751e75b04d527b2d023e14cdffee17064819ea3?s=96&d=mm&r=g","contentUrl":"https:\/\/secure.gravatar.com\/avatar\/7c37283748b62bb21affee70f751e75b04d527b2d023e14cdffee17064819ea3?s=96&d=mm&r=g","caption":"Patrycja"}}]}},"_links":{"self":[{"href":"https:\/\/noclegioswiecim.eu\/cs\/wp-json\/wp\/v2\/posts\/2495","targetHints":{"allow":["GET"]}}],"collection":[{"href":"https:\/\/noclegioswiecim.eu\/cs\/wp-json\/wp\/v2\/posts"}],"about":[{"href":"https:\/\/noclegioswiecim.eu\/cs\/wp-json\/wp\/v2\/types\/post"}],"author":[{"embeddable":true,"href":"https:\/\/noclegioswiecim.eu\/cs\/wp-json\/wp\/v2\/users\/2"}],"replies":[{"embeddable":true,"href":"https:\/\/noclegioswiecim.eu\/cs\/wp-json\/wp\/v2\/comments?post=2495"}],"version-history":[{"count":2,"href":"https:\/\/noclegioswiecim.eu\/cs\/wp-json\/wp\/v2\/posts\/2495\/revisions"}],"predecessor-version":[{"id":7659,"href":"https:\/\/noclegioswiecim.eu\/cs\/wp-json\/wp\/v2\/posts\/2495\/revisions\/7659"}],"wp:featuredmedia":[{"embeddable":true,"href":"https:\/\/noclegioswiecim.eu\/cs\/wp-json\/wp\/v2\/media\/2503"}],"wp:attachment":[{"href":"https:\/\/noclegioswiecim.eu\/cs\/wp-json\/wp\/v2\/media?parent=2495"}],"wp:term":[{"taxonomy":"category","embeddable":true,"href":"https:\/\/noclegioswiecim.eu\/cs\/wp-json\/wp\/v2\/categories?post=2495"},{"taxonomy":"post_tag","embeddable":true,"href":"https:\/\/noclegioswiecim.eu\/cs\/wp-json\/wp\/v2\/tags?post=2495"}],"curies":[{"name":"wp","href":"https:\/\/api.w.org\/{rel}","templated":true}]}}